{"id":125,"date":"2023-08-15T15:35:44","date_gmt":"2023-08-15T13:35:44","guid":{"rendered":"https:\/\/sainteartsmartiaux.fr\/?p=125"},"modified":"2023-10-11T22:28:20","modified_gmt":"2023-10-11T20:28:20","slug":"article-du-16-09-2022","status":"publish","type":"post","link":"https:\/\/sainteartsmartiaux.fr\/index.php\/2023\/08\/15\/article-du-16-09-2022\/","title":{"rendered":"Article du 16\/09\/2022"},"content":{"rendered":"\n<p>Vendredi dernier, notre club <a href=\"https:\/\/www.facebook.com\/profile.php?id=100063481916788&amp;__cft__[0]=AZUvjjyruWOtfdeqLWmDBqfrYd-YgeoLpGIaeV-xEZ7miWn0JLCe9BPL_cjqy2rq5vasp3PpRAZOM0fW2HRf8dsQXWnDqa9y3P7DCvMCvkEmeM4f7rYX2ai4WFi0QZGs09TFAnq2qlJ3PW1WbvReJ3kxCONvVWJHGDElcr8v4-3pw3IsFgEQBp00TwPVgw_OdhI&amp;__tn__=-]K-R\">Saint-Etienne Arts Martiaux<\/a> a eu l&rsquo;immense honneur et plaisir d&rsquo;accueillir lors d&rsquo;un entra\u00eenement une d\u00e9l\u00e9gation f\u00e9d\u00e9rale de France Judo (F\u00e9d\u00e9ration fran\u00e7aise de judo) conduite par C\u00e9cile Nowak, championne olympique en 1992 \u00e0 Barcelone, directrice technique nationale adjointe.<\/p>\n\n\n\n<p>Nous avions \u00e9galement le plaisir d&rsquo;avoir la pr\u00e9sence de Khamzat Saparbaev, form\u00e9 au club et aujourd&rsquo;hui au PSG Judo et de Kelvin Ray, vice champion du monde cadet de judo.<\/p>\n\n\n\n<p>Khamzat et Kelvin sont \u00e9galement tous deux Champions du Monde par \u00e9quipe, en junior pour le premier, et en cadet pour le second.<\/p>\n\n\n\n<p>Merci \u00e0 tous pour ces belles pr\u00e9sences !<\/p>\n\n\n\n<figure class=\"wp-block-gallery has-nested-images columns-default is-cropped wp-block-gallery-1 is-layout-flex wp-block-gallery-is-layout-flex\">\n<figure class=\"wp-block-image size-large\"><img loading=\"lazy\" decoding=\"async\" width=\"1024\" height=\"466\" data-id=\"65\" src=\"https:\/\/sainteartsmartiaux.fr\/wp-content\/uploads\/2023\/08\/Photo_groupe_16092022_5-1024x466.jpg\" alt=\"\" class=\"wp-image-65\" srcset=\"https:\/\/sainteartsmartiaux.fr\/wp-content\/uploads\/2023\/08\/Photo_groupe_16092022_5-1024x466.jpg 1024w, https:\/\/sainteartsmartiaux.fr\/wp-content\/uploads\/2023\/08\/Photo_groupe_16092022_5-300x137.jpg 300w, https:\/\/sainteartsmartiaux.fr\/wp-content\/uploads\/2023\/08\/Photo_groupe_16092022_5-768x349.jpg 768w, https:\/\/sainteartsmartiaux.fr\/wp-content\/uploads\/2023\/08\/Photo_groupe_16092022_5-1536x699.jpg 1536w, https:\/\/sainteartsmartiaux.fr\/wp-content\/uploads\/2023\/08\/Photo_groupe_16092022_5.jpg 1600w\" sizes=\"auto, (max-width: 1024px) 100vw, 1024px\" \/><\/figure>\n\n\n\n<figure class=\"wp-block-image size-large\"><img loading=\"lazy\" decoding=\"async\" width=\"1024\" height=\"465\" data-id=\"63\" src=\"https:\/\/sainteartsmartiaux.fr\/wp-content\/uploads\/2023\/08\/Photo_groupe_16092022_3-1024x465.jpg\" alt=\"\" class=\"wp-image-63\" srcset=\"https:\/\/sainteartsmartiaux.fr\/wp-content\/uploads\/2023\/08\/Photo_groupe_16092022_3-1024x465.jpg 1024w, https:\/\/sainteartsmartiaux.fr\/wp-content\/uploads\/2023\/08\/Photo_groupe_16092022_3-300x136.jpg 300w, https:\/\/sainteartsmartiaux.fr\/wp-content\/uploads\/2023\/08\/Photo_groupe_16092022_3-768x349.jpg 768w, https:\/\/sainteartsmartiaux.fr\/wp-content\/uploads\/2023\/08\/Photo_groupe_16092022_3-1536x697.jpg 1536w, https:\/\/sainteartsmartiaux.fr\/wp-content\/uploads\/2023\/08\/Photo_groupe_16092022_3.jpg 1599w\" sizes=\"auto, (max-width: 1024px) 100vw, 1024px\" \/><\/figure>\n\n\n\n<figure class=\"wp-block-image size-large\"><img loading=\"lazy\" decoding=\"async\" width=\"1024\" height=\"466\" data-id=\"64\" src=\"https:\/\/sainteartsmartiaux.fr\/wp-content\/uploads\/2023\/08\/Photo_groupe_16092022_4-1024x466.jpg\" alt=\"\" class=\"wp-image-64\" srcset=\"https:\/\/sainteartsmartiaux.fr\/wp-content\/uploads\/2023\/08\/Photo_groupe_16092022_4-1024x466.jpg 1024w, https:\/\/sainteartsmartiaux.fr\/wp-content\/uploads\/2023\/08\/Photo_groupe_16092022_4-300x137.jpg 300w, https:\/\/sainteartsmartiaux.fr\/wp-content\/uploads\/2023\/08\/Photo_groupe_16092022_4-768x349.jpg 768w, https:\/\/sainteartsmartiaux.fr\/wp-content\/uploads\/2023\/08\/Photo_groupe_16092022_4-1536x699.jpg 1536w, https:\/\/sainteartsmartiaux.fr\/wp-content\/uploads\/2023\/08\/Photo_groupe_16092022_4.jpg 1600w\" sizes=\"auto, (max-width: 1024px) 100vw, 1024px\" \/><\/figure>\n\n\n\n<figure class=\"wp-block-image size-large\"><img loading=\"lazy\" decoding=\"async\" width=\"1024\" height=\"466\" data-id=\"58\" src=\"https:\/\/sainteartsmartiaux.fr\/wp-content\/uploads\/2023\/08\/Cecile_Nowak-1024x466.jpg\" alt=\"\" class=\"wp-image-58\" srcset=\"https:\/\/sainteartsmartiaux.fr\/wp-content\/uploads\/2023\/08\/Cecile_Nowak-1024x466.jpg 1024w, https:\/\/sainteartsmartiaux.fr\/wp-content\/uploads\/2023\/08\/Cecile_Nowak-300x137.jpg 300w, https:\/\/sainteartsmartiaux.fr\/wp-content\/uploads\/2023\/08\/Cecile_Nowak-768x349.jpg 768w, https:\/\/sainteartsmartiaux.fr\/wp-content\/uploads\/2023\/08\/Cecile_Nowak-1536x699.jpg 1536w, https:\/\/sainteartsmartiaux.fr\/wp-content\/uploads\/2023\/08\/Cecile_Nowak.jpg 1600w\" sizes=\"auto, (max-width: 1024px) 100vw, 1024px\" \/><\/figure>\n\n\n\n<figure class=\"wp-block-image size-large\"><img loading=\"lazy\" decoding=\"async\" width=\"1024\" height=\"465\" data-id=\"61\" src=\"https:\/\/sainteartsmartiaux.fr\/wp-content\/uploads\/2023\/08\/Photo_groupe_16092022-1024x465.jpg\" alt=\"\" class=\"wp-image-61\" srcset=\"https:\/\/sainteartsmartiaux.fr\/wp-content\/uploads\/2023\/08\/Photo_groupe_16092022-1024x465.jpg 1024w, https:\/\/sainteartsmartiaux.fr\/wp-content\/uploads\/2023\/08\/Photo_groupe_16092022-300x136.jpg 300w, https:\/\/sainteartsmartiaux.fr\/wp-content\/uploads\/2023\/08\/Photo_groupe_16092022-768x349.jpg 768w, https:\/\/sainteartsmartiaux.fr\/wp-content\/uploads\/2023\/08\/Photo_groupe_16092022-1536x697.jpg 1536w, https:\/\/sainteartsmartiaux.fr\/wp-content\/uploads\/2023\/08\/Photo_groupe_16092022.jpg 1599w\" sizes=\"auto, (max-width: 1024px) 100vw, 1024px\" \/><\/figure>\n<\/figure>\n","protected":false},"excerpt":{"rendered":"<p>Vendredi dernier, notre club Saint-Etienne Arts Martiaux a eu l&rsquo;immense honneur et plaisir d&rsquo;accueillir lors d&rsquo;un entra\u00eenement une d\u00e9l\u00e9gation f\u00e9d\u00e9rale de France Judo (F\u00e9d\u00e9ration fran\u00e7aise de judo) conduite par C\u00e9cile Nowak, championne olympique en 1992 \u00e0 Barcelone, directrice technique nationale adjointe. Nous avions \u00e9galement le plaisir d&rsquo;avoir la pr\u00e9sence de &hellip;<\/p>\n","protected":false},"author":2,"featured_media":65,"comment_status":"open","ping_status":"open","sticky":false,"template":"","format":"standard","meta":{"footnotes":""},"categories":[20,1],"tags":[],"class_list":["post-125","post","type-post","status-publish","format-standard","has-post-thumbnail","hentry","category-disciplines","category-judo"],"_links":{"self":[{"href":"https:\/\/sainteartsmartiaux.fr\/index.php\/wp-json\/wp\/v2\/posts\/125","targetHints":{"allow":["GET"]}}],"collection":[{"href":"https:\/\/sainteartsmartiaux.fr\/index.php\/wp-json\/wp\/v2\/posts"}],"about":[{"href":"https:\/\/sainteartsmartiaux.fr\/index.php\/wp-json\/wp\/v2\/types\/post"}],"author":[{"embeddable":true,"href":"https:\/\/sainteartsmartiaux.fr\/index.php\/wp-json\/wp\/v2\/users\/2"}],"replies":[{"embeddable":true,"href":"https:\/\/sainteartsmartiaux.fr\/index.php\/wp-json\/wp\/v2\/comments?post=125"}],"version-history":[{"count":1,"href":"https:\/\/sainteartsmartiaux.fr\/index.php\/wp-json\/wp\/v2\/posts\/125\/revisions"}],"predecessor-version":[{"id":126,"href":"https:\/\/sainteartsmartiaux.fr\/index.php\/wp-json\/wp\/v2\/posts\/125\/revisions\/126"}],"wp:featuredmedia":[{"embeddable":true,"href":"https:\/\/sainteartsmartiaux.fr\/index.php\/wp-json\/wp\/v2\/media\/65"}],"wp:attachment":[{"href":"https:\/\/sainteartsmartiaux.fr\/index.php\/wp-json\/wp\/v2\/media?parent=125"}],"wp:term":[{"taxonomy":"category","embeddable":true,"href":"https:\/\/sainteartsmartiaux.fr\/index.php\/wp-json\/wp\/v2\/categories?post=125"},{"taxonomy":"post_tag","embeddable":true,"href":"https:\/\/sainteartsmartiaux.fr\/index.php\/wp-json\/wp\/v2\/tags?post=125"}],"curies":[{"name":"wp","href":"https:\/\/api.w.org\/{rel}","templated":true}]}}