{"id":170,"date":"2023-08-15T16:14:40","date_gmt":"2023-08-15T14:14:40","guid":{"rendered":"https:\/\/sainteartsmartiaux.fr\/?p=170"},"modified":"2023-10-11T22:27:12","modified_gmt":"2023-10-11T20:27:12","slug":"retour-stage-geneve-2021","status":"publish","type":"post","link":"https:\/\/sainteartsmartiaux.fr\/index.php\/2023\/08\/15\/retour-stage-geneve-2021\/","title":{"rendered":"Article du 07\/12\/2021"},"content":{"rendered":"\n<p class=\"has-normal-font-size\" id=\"block-741e6901-81a9-4562-850a-d3ae5b4f38d8\">STAGE International de GENEVE 2021 : Quelques membres du S.I.L (Seigyo Iaido Loire) ont particip\u00e9 au stage de Gen\u00e8ve comme nous vous le disions dans un pr\u00e9c\u00e9dent article. Etaient du voyage, Arthur, Alustriel et Arnaud qui devaient passer leur 1ere Dan, St\u00e9phane notre ancien Sempa\u00ef et bien sur Jean Claude notre Sense\u00ef.<\/p>\n\n\n<div class=\"wp-block-image\">\n<figure class=\"aligncenter is-resized\" id=\"block-e2fed453-6d5b-4ee2-b3ab-b88e20fc9918\"><img loading=\"lazy\" decoding=\"async\" src=\"https:\/\/seigyo-iaido-loire.fr\/wp-content\/uploads\/2021\/12\/Heureux_Stresses.jpg\" alt=\"L\u2019attribut alt de cette image est vide, son nom de fichier est Heureux_Stresses.jpg.\" style=\"width:346px;height:422px\" width=\"346\" height=\"422\"\/><figcaption class=\"wp-element-caption\">Alustriel \/ Arthur \/ Arnaud (AAA)<\/figcaption><\/figure>\n<\/div>\n\n\n<p id=\"block-d9472ad1-fb89-44af-85fa-96aca1e5d439\">Les AAA vous passent le \u00ab\u00a0Bonjour\u00a0\u00bb mais ne soyez pas dupe de leur sourire, le stress du stage commen\u00e7ait \u00e0 monter car ce genre d&rsquo;\u00e9v\u00e8nement est toujours important encore plus apr\u00e8s une coupure de presque 2 ans \u00e0 cause de la COVID.<\/p>\n\n\n\n<p id=\"block-2e47252d-18a5-4fcf-aa38-73dc7e5a562a\">Mais vous pouvez \u00eatre s\u00fbr \u00e9galement que le plaisir de partager ces 2 jours ensemble et avec St\u00e9phane et Jean Claude les motivaient comme jamais.<\/p>\n\n\n\n<p id=\"block-cfae3706-8830-476f-a19c-a780a1de7da4\">Sur la photo de droite St\u00e9phane notre ancien Sempa\u00ef alias \u00ab\u00a0HellFest\u00a0\u00bb, alias \u00ab\u00a0BudoMetal\u00a0\u00bb alias \u00ab\u00a0Lame Tranchante\u00a0\u00bb alias \u00ab\u00a0GrandMalade Vegan\u00a0\u00bb, ok celui-ci St\u00e9ph c&rsquo;est pour les intimes ahahah. Un homme au grand coeur qui nous a accompagn\u00e9s durant nos premi\u00e8res ann\u00e9es dans le Iai avant de partir dans la grande aventure de l&rsquo;enseignement\u2026 On lui souhaite tout nos v\u0153ux de r\u00e9ussite et c&rsquo;est toujours un \u00e9norme plaisir de te revoir, de pratiquer avec toi, toujours dans l&rsquo;\u00e9ducation, l&rsquo;enseignement du japon, des lames, de la forge &#8230;<\/p>\n\n\n\n<div class=\"wp-block-group is-vertical is-layout-flex wp-container-core-group-is-layout-8cf370e7 wp-block-group-is-layout-flex\">\n<div class=\"wp-block-columns is-layout-flex wp-container-core-columns-is-layout-9d6595d7 wp-block-columns-is-layout-flex\">\n<div class=\"wp-block-column is-layout-flow wp-block-column-is-layout-flow\" style=\"flex-basis:100%\">\n<figure class=\"wp-block-image is-resized\" id=\"block-30279f61-776c-4f3d-83fd-3a0a29b1a5be\"><img loading=\"lazy\" decoding=\"async\" src=\"https:\/\/seigyo-iaido-loire.fr\/wp-content\/uploads\/2021\/12\/Pas_la_pour_Rien.jpg\" alt=\"L\u2019attribut alt de cette image est vide, son nom de fichier est Pas_la_pour_Rien.jpg.\" style=\"width:292px;height:324px\" width=\"292\" height=\"324\"\/><figcaption class=\"wp-element-caption\">St\u00e9phane alias HellFest ^^<\/figcaption><\/figure>\n<\/div>\n<\/div>\n<\/div>\n\n\n\n<p id=\"block-620d3b43-b730-4768-bca7-0b6f844a0c97\">L&rsquo;heure est venue, apr\u00e8s avoir montr\u00e9 nos Pass Sanitaires, chacun appr\u00e9hende les lieux, on avance dans le couloir, il est 12h, on cherche un emplacement pour manger et prendre des forces avant le d\u00e9but du stage et dans un couloir \u00e0 droite, on arrive sur les balcons du gymnase, il est \u00e9norme, immense, nous aurons de la place pour pratiquer, St\u00e9phane nous dit qu&rsquo;il y a une piscine juste au dessus et par r\u00e9flexe, on v\u00e9rifie la structure de la charpente ahahah.<\/p>\n\n\n\n<p id=\"block-c32466e9-69df-4b66-b370-2c5663d11159\">On se trouve un petit coin au chaud, on pose nos affaires et on attaque nos sandwichs&#8230; Arnaud est d\u00e9j\u00e0 dans sa bulle, il est comme \u00e7a, il a besoin de garder un peu de stress pour se concentrer et visualiser le stage, les exercices possibles, ce qu&rsquo;il devra montrer durant son passage de grade. Alustriel est plus calme d&rsquo;apparence m\u00eame si le stress la gagne aussi. St\u00e9phane essaye de d\u00e9tendre l&rsquo;atmosph\u00e8re, par des r\u00e9pliques de Kaamelott et \u00e7a marche ^^ Arthur et Jean Claude sont fid\u00e8les \u00e0 eux m\u00eame &#8230; Calmes, Pos\u00e9s, Silencieux. Surement des exemples \u00e0 suivre \ud83d\ude09<\/p>\n\n\n\n<p id=\"block-00c22734-2fb6-4114-98c1-7d0fc049503b\"><strong><mark>Samedi apr\u00e8s-midi :<\/mark><\/strong> C&rsquo;est l&rsquo;heure, on se change, on rejoint le gymnase, on \u00e9change quelques bonjours, comment \u00e7a va, les AAA sont toujours \u00ab\u00a0intimid\u00e9s\u00a0\u00bb par les Grands Maitres qui rentrent \u00e0 leur tour. Le signal est donn\u00e9, tout le monde s&rsquo;aligne, nous sommes presque 70 du plus d\u00e9butant d&rsquo;entre nous (3-4 mois de pratique) au plus confirm\u00e9 des enseignants. C&rsquo;est impressionnant et les diff\u00e9rents saluts le sont tout autant.<\/p>\n\n\n\n<p id=\"block-a031471c-7c22-41bd-adce-0e2917feb203\">Pascal Krieger (1 des 2 Directeurs Technique) prends en charge les d\u00e9butants avec 1 \u00e0 2 ans de pratique, Arthur d\u00e9cide d&rsquo;aller dans ce groupe. Il passera toute l&rsquo;apr\u00e8s-midi \u00e0 faire et refaire ses gammes au niveau des Nukitsuke \u00e0 une et 2 mains, dans les diff\u00e9rentes directions. Toujours appliqu\u00e9, il pourra retransmettre cela aux restes des \u00e9l\u00e8ves du S.I.L \u00e0 son retour.<\/p>\n\n\n\n<p id=\"block-c88759ec-d663-4ac4-852a-b11f0b926c26\">Le reste de l&rsquo;\u00e9quipe rejoint Tiki Sense\u00ef le second Directeur technique pour une s\u00e9ance qui restera dans nos esprits et nos corps ^^ En effet, nous avons r\u00e9alis\u00e9 la 1ere s\u00e9rie OMORY RYU pour nous \u00e9chauffer en restant dans des positions interm\u00e9diaires durant les explications et\/ou pr\u00e9cisions de Tiki. Nous avons ensuite r\u00e9alis\u00e9 cette m\u00eame s\u00e9rie mais debout. Ca a \u00e9t\u00e9 une premi\u00e8re pour Alustriel et Arnaud qui ont vu leurs rep\u00e8res compl\u00e9tement exploser ^^ mais au final tr\u00e8s enrichissant. Jean Claude nous dira \u00e0 la pause que ce genre d&rsquo;exercice est pr\u00e9vu g\u00e9n\u00e9ralement pour des grad\u00e9s.<\/p>\n\n\n\n<figure class=\"wp-block-image\" id=\"block-9000d433-1c4e-45cb-87b1-f17eab19eec6\"><img decoding=\"async\" src=\"https:\/\/seigyo-iaido-loire.fr\/wp-content\/uploads\/2021\/12\/Repas_du_Soir.jpg\" alt=\"L\u2019attribut alt de cette image est vide, son nom de fichier est Repas_du_Soir.jpg.\"\/><\/figure>\n\n\n\n<p id=\"block-267f520d-9c17-460e-92a5-0d98e2442a31\">\ufeff<\/p>\n\n\n\n<p id=\"block-da94edfa-e38b-4523-bb5b-7ed3dea146dd\">Samedi soir, 1ere journ\u00e9e termin\u00e9e apr\u00e8s une rapide douche, nous voila dans notre restaurant habituel pour reprendre des forces et \u00e9changer sur ce qu&rsquo;on a vu durant cette journ\u00e9e et bien s\u00fbr quelques fou-rires.<\/p>\n\n\n\n<p id=\"block-89b59299-b340-4b23-a7cd-1faea8b07fab\">Retour \u00e0 l&rsquo;h\u00f4tel et chacun regagne sa chambre et profite de cette fin de soir\u00e9e (Derni\u00e8re r\u00e9vision, lecture de magazine, r\u00e9vision de partiel, soins des ampoules etc&#8230;)<\/p>\n\n\n\n<p id=\"block-65078469-9b3c-4a64-9199-9f8b367fc071\">Dimanche matin, 8h15 &#8230;. 8h18 pour Alustriel, toute l&rsquo;\u00e9quipe est pr\u00eate pour attaquer cette 2\u00e9me journ\u00e9e et surtout le passage de la 1ere DAN pour Alustril et Arnaud<\/p>\n\n\n\n<p id=\"block-4df2ca2a-f467-4068-96ee-659db3e1172e\"><mark><strong>Dimanche du Ken : <\/strong><\/mark>Tout le monde se mets en place apr\u00e8s le Salut, l&rsquo;ensemble des \u00e9l\u00e8ves se positionne sur toute la surface du gymnase, c&rsquo;est toujours aussi impressionnant. Nous attaquons le matin par Happogiri, la coupe dans les 8 directions, d&rsquo;abord dans un silence de cath\u00e9drale puis dans une version un peu plus martiale en mettant le kia\u00ef et l\u00e0&#8230;on se retrouve dans un film de Samoura\u00ef environ 70 \u00e9l\u00e8ves qui essayent de faire le m\u00eame geste dans un m\u00eame temps et dans un seul \u00ab\u00a0souffle\u00a0\u00bb. C&rsquo;est impressionnant.<\/p>\n\n\n\n<p id=\"block-dcc4a76d-6680-460d-9c3d-aa46b7496b14\"><strong><mark>L&rsquo;Examen (Shiken) : <\/mark><\/strong>Les heures passent, le stress monte, Alustriel et Arnaud le sentent de plus en plus, mais tr\u00e8s bien soutenus par nos mentors Jean Claude et St\u00e9phane. Le moment des passages de grade arrive. Nous y voil\u00e0 : 13h30, la partie th\u00e9orique : 25 zones du katana \u00e0 identifier, on s&rsquo;installe, on r\u00e9fl\u00e9chit, on \u00e9crit les noms des zones, on se relit, Alustriel finit la premi\u00e8re, rejointe quelques minutes plus tard par Arnaud.<\/p>\n\n\n\n<p id=\"block-baf0aba7-9ab4-4dee-b632-cbfb6359181c\">Nous sommes 3 \u00e0 passer la 1ere DAN et nous commen\u00e7ons la partie pratique par la s\u00e9rie OMORI RYU (1ere surprise, habituellement elle commence par la partie Ken), on se concentre, on repense aux derniers conseils de notre Sense\u00ef et Sempa\u00ef (Montrer ce que vous avez appris ni plus ni moins, prendre du plaisir, amusez vous, faites confiance \u00e0 votre corps, respirez, allez \u00e0 votre rythme, restez dans votre bulle). Tous ces conseils prennent tout leur sens quand on se retrouve face aux membres du jury. Le Reishiki, les 12 katas et le Reishiki de fin, \u00e7a y est, l&rsquo;\u00e9preuve Iai est termin\u00e9e et on nous demande d&rsquo;attendre sur le c\u00f4t\u00e9 pendant que les 2\u00e9me DAN finissent la 2\u00e9me s\u00e9rie, on regarde, en silence.<\/p>\n\n\n\n<p id=\"block-42720faa-104d-42e4-8b4b-07b111945308\">Derni\u00e8re \u00e9preuve, le Kenjutsu, Ce que nous redoutions, se produit. On nous demande de faire l&rsquo;\u00e9preuve ensemble Alustriel et moi (Arnaud), nous connaissons nos d\u00e9fauts et malgr\u00e9 notre complicit\u00e9 ce n&rsquo;\u00e9tait pas \u00e9vident car ni l&rsquo;un ni l&rsquo;autre pouvait trop se permettre des d\u00e9rives car nous \u00e9tions not\u00e9s tous les 2 en m\u00eame temps. On nous interrompt un moment pour un probl\u00e8me de pied de d\u00e9part (pour moi) et de \u00ab\u00a0non ouverture claire\u00a0\u00bb de la part d&rsquo;Alustriel. Nous nous corrigeons de suite et reprenons les \u00e9changes Shomen.<\/p>\n\n\n\n<p id=\"block-1cf3b0b2-f3a7-4d25-8c65-0d2ceaf40228\">Apr\u00e8s une petite vingtaine de Shomen, on remercie Alustriel de sa pr\u00e9sentation et on me demande (Arnaud) de rester afin de jouer le r\u00f4le de Uke pour la 3eme personne. Petit stress suppl\u00e9mentaire pour ma part car sur les 2-3 premiers shomen, la personne en face de moi ne r\u00e9agit peu ou pas ni recule alors que je lui arr\u00eate mon ken \u00e0 seulement quelques centim\u00e8tres du visage. Encore une fois, les conseils de Jean Claude et St\u00e9phane me reviennent (C&rsquo;est \u00e0 toi de t&rsquo;adapter \u00e0 la personne en face de toi quand tu as ce r\u00f4le, \u00e0 toi de proposer un bon shomen qu&rsquo;il puisse \u00ab\u00a0travailler\u00a0\u00bb). Je prends une respiration et j&rsquo;y vais moins fort et plus en souplesse pour qu&rsquo;il puisse proposer un bon travail.<\/p>\n\n\n\n<p id=\"block-c7a65b9f-fb86-4ede-9eda-8a35094f1ba2\">Ca y est, l&rsquo;examen est termin\u00e9 et on nous demande d&rsquo;attendre sur le c\u00f4t\u00e9 que les derni\u00e8res \u00e9preuves se terminent et que le jury d\u00e9lib\u00e8rent. Alustriel me glisse, \u00ab\u00a0je ne vais pas l&rsquo;avoir, j&rsquo;ai fait trop d&rsquo;erreurs\u00a0\u00bb. J&rsquo;essaye discr\u00e8tement de la rassurer car m\u00eame l\u00e0 le jury peut surveiller notre attitude martiale, il ne faut rien montrer. Personnellement, je me sens \u00e9trangement serein, je me suis trouv\u00e9 meilleur que pour ma ceinture marron (heureusement ^^) et pour \u00e9viter de cogiter je regarde l&rsquo;\u00e9preuve de Ken du passage de 3\u00e9me Dan. Des r\u00e9ponses de shomen et de Kesa mais de 2 attaquants. J&rsquo;ose me dire \u00e0 ce moment l\u00e0 que je pourrai faire mieux et que je ne trouve pas le niveau si haut que \u00e7a au final.<\/p>\n\n\n\n<p id=\"block-728d58f3-db9d-427f-9768-a03ad5df839f\"><strong><mark>R\u00e9sultat : <\/mark><\/strong>Enfin, on nous demande de se mettre en ligne devant le jury class\u00e9s par passage de grade (3eme, 2eme et 1er). Le responsable du jury nous remercie de notre prestation et c&rsquo;est pour lui toujours un honneur d&rsquo;\u00eatre l\u00e0. Il commence par la personne passant la 3\u00e9me Dan, recal\u00e9 (100% d&rsquo;\u00e9chec) il continue ensuite par les 2\u00e9me Dan (2 personnes et 50% de r\u00e9ussite). Vient le tour des 1\u00e9re Dan et l\u00e0 le jury nous explique nos erreurs, les ajustements \u00e0 prendre en compte, les gestes parasites que nous avons encore, le positionnement du regard qu&rsquo;il faudra travailler pour finalement nous annoncer &#8230;..<\/p>\n\n\n\n<figure class=\"wp-block-image\" id=\"block-22a65f10-f228-4c53-99dc-71c4e717cc88\"><img decoding=\"async\" src=\"https:\/\/seigyo-iaido-loire.fr\/wp-content\/uploads\/2021\/12\/Yes_We_Can.jpg\" alt=\"L\u2019attribut alt de cette image est vide, son nom de fichier est Yes_We_Can.jpg.\"\/><figcaption class=\"wp-element-caption\">Eh oui, nous l&rsquo;avons r\u00e9ussi tout les 2 Nous sommes des Y\u00fbdanshas ^^<\/figcaption><\/figure>\n\n\n\n<figure class=\"wp-block-image\" id=\"block-dcd43f45-b0d3-4bfc-ad5a-94c9abdb1747\"><img decoding=\"async\" src=\"https:\/\/seigyo-iaido-loire.fr\/wp-content\/uploads\/2022\/10\/Photo_Groupee-2021-1024x222.jpg\" alt=\"L\u2019attribut alt de cette image est vide, son nom de fichier est Photo_Groupee-2021-1024x222.jpg.\"\/><figcaption class=\"wp-element-caption\">Photo de Groupe 2021<\/figcaption><\/figure>\n\n\n\n<p class=\"has-large-font-size\" id=\"block-17f87a77-c660-4b0d-b291-a399517fbe1d\">Quelle fiert\u00e9 !! Ni Jean Claude ni St\u00e9phane ont pu assister au passage de grade, pris par les exercices des hauts grad\u00e9s mais je r\u00e9ussis \u00e0 croiser le regard de Jean Claude et je lui fais signe que c&rsquo;est ok pour nous 2, nous l&rsquo;avons.<\/p>\n\n\n\n<p id=\"block-2ec91c55-81c2-4d20-ba86-ba900d0bebcd\">Apr\u00e8s notre r\u00e9ussite, le stage continue pendant environ 1h o\u00f9 honn\u00eatement ni moi ni Alustriel avions la t\u00eate dans les mouvements propos\u00e9s mais nous avons essay\u00e9 plus lentement que les autres mais nous \u00e9tions pr\u00e9sents. Nous avons pu \u00e9galement assister \u00e0 quelques \u00e9changes de Ken entre hauts grad\u00e9s et nous r\u00e9alisons le chemin qu&rsquo;il nous reste \u00e0 faire ^^<\/p>\n\n\n\n<p id=\"block-3f26407c-ce09-4586-83bb-bcc3aebc9e9b\">Fin du stage, on d\u00e9brief assis par terre avec Jean Claude, on nous f\u00e9licite, l&rsquo;ambiance est d\u00e9tendue. Nous reprenons la route sous un temps compliqu\u00e9, pluie, neige puis le brouillard apr\u00e8s la neige^^<\/p>\n\n\n\n<p id=\"block-97200b26-49f5-4bae-92c8-126f849c1d36\">Une tr\u00e8s belle exp\u00e9rience au final et encore merci \u00e0 notre Sense\u00ef et Sempa\u00ef de c\u0153ur d&rsquo;avoir \u00e9t\u00e9 l\u00e0 pour ce passage de grade<\/p>\n\n\n\n<p>Note personnelle : Pour le prochain stage, acheter genouill\u00e8res et chausson de pratique (Tabi)<\/p>\n","protected":false},"excerpt":{"rendered":"<p>STAGE International de GENEVE 2021 : Quelques membres du S.I.L (Seigyo Iaido Loire) ont particip\u00e9 au stage de Gen\u00e8ve comme nous vous le disions dans un pr\u00e9c\u00e9dent article. Etaient du voyage, Arthur, Alustriel et Arnaud qui devaient passer leur 1ere Dan, St\u00e9phane notre ancien Sempa\u00ef et bien sur Jean Claude &hellip;<\/p>\n","protected":false},"author":2,"featured_media":172,"comment_status":"open","ping_status":"open","sticky":false,"template":"","format":"standard","meta":{"footnotes":""},"categories":[20,14],"tags":[],"class_list":["post-170","post","type-post","status-publish","format-standard","has-post-thumbnail","hentry","category-disciplines","category-iaido"],"_links":{"self":[{"href":"https:\/\/sainteartsmartiaux.fr\/index.php\/wp-json\/wp\/v2\/posts\/170","targetHints":{"allow":["GET"]}}],"collection":[{"href":"https:\/\/sainteartsmartiaux.fr\/index.php\/wp-json\/wp\/v2\/posts"}],"about":[{"href":"https:\/\/sainteartsmartiaux.fr\/index.php\/wp-json\/wp\/v2\/types\/post"}],"author":[{"embeddable":true,"href":"https:\/\/sainteartsmartiaux.fr\/index.php\/wp-json\/wp\/v2\/users\/2"}],"replies":[{"embeddable":true,"href":"https:\/\/sainteartsmartiaux.fr\/index.php\/wp-json\/wp\/v2\/comments?post=170"}],"version-history":[{"count":3,"href":"https:\/\/sainteartsmartiaux.fr\/index.php\/wp-json\/wp\/v2\/posts\/170\/revisions"}],"predecessor-version":[{"id":233,"href":"https:\/\/sainteartsmartiaux.fr\/index.php\/wp-json\/wp\/v2\/posts\/170\/revisions\/233"}],"wp:featuredmedia":[{"embeddable":true,"href":"https:\/\/sainteartsmartiaux.fr\/index.php\/wp-json\/wp\/v2\/media\/172"}],"wp:attachment":[{"href":"https:\/\/sainteartsmartiaux.fr\/index.php\/wp-json\/wp\/v2\/media?parent=170"}],"wp:term":[{"taxonomy":"category","embeddable":true,"href":"https:\/\/sainteartsmartiaux.fr\/index.php\/wp-json\/wp\/v2\/categories?post=170"},{"taxonomy":"post_tag","embeddable":true,"href":"https:\/\/sainteartsmartiaux.fr\/index.php\/wp-json\/wp\/v2\/tags?post=170"}],"curies":[{"name":"wp","href":"https:\/\/api.w.org\/{rel}","templated":true}]}}