{"id":332,"date":"2024-04-27T16:34:14","date_gmt":"2024-04-27T14:34:14","guid":{"rendered":"https:\/\/sainteartsmartiaux.fr\/?p=332"},"modified":"2024-04-27T16:39:19","modified_gmt":"2024-04-27T14:39:19","slug":"332","status":"publish","type":"post","link":"https:\/\/sainteartsmartiaux.fr\/index.php\/2024\/04\/27\/332\/","title":{"rendered":"Article du 29\/02\/2024"},"content":{"rendered":"\n<h1 class=\"wp-block-heading has-sitebg-background-color has-background\"><strong>Saint-\u00c9tienne Arts martiaux, le nouveau pourvoyeur du judo fran\u00e7ais\u00a0?<\/strong><\/h1>\n\n\n\n<p class=\"has-sitebg-background-color has-background has-normal-font-size\">Ce club st\u00e9phanois est peu connu et pourtant, des judokas talentueux ont commenc\u00e9 l\u00e0-bas, \u00e0 l\u2019image de Khamzat Saparbaev. Ce poids lourd lig\u00e9rien avec trois cents licenci\u00e9s dans cinq disciplines a pour objectif est de poursuivre son d\u00e9veloppement en continuant ce travail de formation. Merci \u00e0 Gabriel Devynck du Progr\u00e8s pour cet article<\/p>\n\n\n<div class=\"wp-block-image\">\n<figure class=\"aligncenter size-large\"><img loading=\"lazy\" decoding=\"async\" width=\"1024\" height=\"768\" src=\"https:\/\/sainteartsmartiaux.fr\/wp-content\/uploads\/2024\/04\/aurelien-palhec_en_bleu-professeur-de-judo-et-des-licencies-de-saint-etienne-arts-martiaux-photo-gabriel-devynck-1709145249-1024x768.jpg\" alt=\"\" class=\"wp-image-333\" srcset=\"https:\/\/sainteartsmartiaux.fr\/wp-content\/uploads\/2024\/04\/aurelien-palhec_en_bleu-professeur-de-judo-et-des-licencies-de-saint-etienne-arts-martiaux-photo-gabriel-devynck-1709145249-1024x768.jpg 1024w, https:\/\/sainteartsmartiaux.fr\/wp-content\/uploads\/2024\/04\/aurelien-palhec_en_bleu-professeur-de-judo-et-des-licencies-de-saint-etienne-arts-martiaux-photo-gabriel-devynck-1709145249-300x225.jpg 300w, https:\/\/sainteartsmartiaux.fr\/wp-content\/uploads\/2024\/04\/aurelien-palhec_en_bleu-professeur-de-judo-et-des-licencies-de-saint-etienne-arts-martiaux-photo-gabriel-devynck-1709145249-768x576.jpg 768w, https:\/\/sainteartsmartiaux.fr\/wp-content\/uploads\/2024\/04\/aurelien-palhec_en_bleu-professeur-de-judo-et-des-licencies-de-saint-etienne-arts-martiaux-photo-gabriel-devynck-1709145249-267x200.jpg 267w, https:\/\/sainteartsmartiaux.fr\/wp-content\/uploads\/2024\/04\/aurelien-palhec_en_bleu-professeur-de-judo-et-des-licencies-de-saint-etienne-arts-martiaux-photo-gabriel-devynck-1709145249.jpg 1165w\" sizes=\"auto, (max-width: 1024px) 100vw, 1024px\" \/><\/figure>\n<\/div>\n\n<div class=\"wp-block-image\">\n<figure class=\"aligncenter size-large\"><img loading=\"lazy\" decoding=\"async\" width=\"1024\" height=\"1006\" src=\"https:\/\/sainteartsmartiaux.fr\/wp-content\/uploads\/2024\/04\/29022024_Article_Progres_Pourvoyeur_Judo_Francais-1024x1006.jpeg\" alt=\"\" class=\"wp-image-335\" srcset=\"https:\/\/sainteartsmartiaux.fr\/wp-content\/uploads\/2024\/04\/29022024_Article_Progres_Pourvoyeur_Judo_Francais-1024x1006.jpeg 1024w, https:\/\/sainteartsmartiaux.fr\/wp-content\/uploads\/2024\/04\/29022024_Article_Progres_Pourvoyeur_Judo_Francais-300x295.jpeg 300w, https:\/\/sainteartsmartiaux.fr\/wp-content\/uploads\/2024\/04\/29022024_Article_Progres_Pourvoyeur_Judo_Francais-768x755.jpeg 768w, https:\/\/sainteartsmartiaux.fr\/wp-content\/uploads\/2024\/04\/29022024_Article_Progres_Pourvoyeur_Judo_Francais-203x200.jpeg 203w, https:\/\/sainteartsmartiaux.fr\/wp-content\/uploads\/2024\/04\/29022024_Article_Progres_Pourvoyeur_Judo_Francais.jpeg 1170w\" sizes=\"auto, (max-width: 1024px) 100vw, 1024px\" \/><\/figure>\n<\/div>\n\n\n<p class=\"has-accent-2-color has-text-color has-link-color wp-elements-2a5e3fa0d084a9bafd94c9b6d612610f\">Source : <a href=\"https:\/\/c.leprogres.fr\/sport\/2024\/02\/29\/saint-etienne-arts-martiaux-le-nouveau-pourvoyeur-du-judo-francais\">https:\/\/c.leprogres.fr\/sport\/2024\/02\/29\/saint-etienne-arts-martiaux-le-nouveau-pourvoyeur-du-judo-francais<\/a><\/p>\n","protected":false},"excerpt":{"rendered":"<p>Saint-\u00c9tienne Arts martiaux, le nouveau pourvoyeur du judo fran\u00e7ais\u00a0? Ce club st\u00e9phanois est peu connu et pourtant, des judokas talentueux ont commenc\u00e9 l\u00e0-bas, \u00e0 l\u2019image de Khamzat Saparbaev. Ce poids lourd lig\u00e9rien avec trois cents licenci\u00e9s dans cinq disciplines a pour objectif est de poursuivre son d\u00e9veloppement en continuant ce &hellip;<\/p>\n","protected":false},"author":2,"featured_media":333,"comment_status":"closed","ping_status":"closed","sticky":false,"template":"","format":"standard","meta":{"footnotes":""},"categories":[20,1],"tags":[],"class_list":["post-332","post","type-post","status-publish","format-standard","has-post-thumbnail","hentry","category-disciplines","category-judo"],"_links":{"self":[{"href":"https:\/\/sainteartsmartiaux.fr\/index.php\/wp-json\/wp\/v2\/posts\/332","targetHints":{"allow":["GET"]}}],"collection":[{"href":"https:\/\/sainteartsmartiaux.fr\/index.php\/wp-json\/wp\/v2\/posts"}],"about":[{"href":"https:\/\/sainteartsmartiaux.fr\/index.php\/wp-json\/wp\/v2\/types\/post"}],"author":[{"embeddable":true,"href":"https:\/\/sainteartsmartiaux.fr\/index.php\/wp-json\/wp\/v2\/users\/2"}],"replies":[{"embeddable":true,"href":"https:\/\/sainteartsmartiaux.fr\/index.php\/wp-json\/wp\/v2\/comments?post=332"}],"version-history":[{"count":3,"href":"https:\/\/sainteartsmartiaux.fr\/index.php\/wp-json\/wp\/v2\/posts\/332\/revisions"}],"predecessor-version":[{"id":337,"href":"https:\/\/sainteartsmartiaux.fr\/index.php\/wp-json\/wp\/v2\/posts\/332\/revisions\/337"}],"wp:featuredmedia":[{"embeddable":true,"href":"https:\/\/sainteartsmartiaux.fr\/index.php\/wp-json\/wp\/v2\/media\/333"}],"wp:attachment":[{"href":"https:\/\/sainteartsmartiaux.fr\/index.php\/wp-json\/wp\/v2\/media?parent=332"}],"wp:term":[{"taxonomy":"category","embeddable":true,"href":"https:\/\/sainteartsmartiaux.fr\/index.php\/wp-json\/wp\/v2\/categories?post=332"},{"taxonomy":"post_tag","embeddable":true,"href":"https:\/\/sainteartsmartiaux.fr\/index.php\/wp-json\/wp\/v2\/tags?post=332"}],"curies":[{"name":"wp","href":"https:\/\/api.w.org\/{rel}","templated":true}]}}